{"id":785,"date":"2025-10-27T19:46:45","date_gmt":"2025-10-27T18:46:45","guid":{"rendered":"https:\/\/bsc.lu\/?p=785"},"modified":"2025-10-27T19:48:01","modified_gmt":"2025-10-27T18:48:01","slug":"technicienne-ingenieur-detude-specialisee-en-hvac-sanitaire-m-f-2","status":"publish","type":"post","link":"https:\/\/bsc.lu\/de\/technicienne-ingenieur-detude-specialisee-en-hvac-sanitaire-m-f-2\/","title":{"rendered":"Technicien(ne)\/Ing\u00e9nieur d\u2019\u00e9tude sp\u00e9cialis\u00e9(e) en HVAC-Sanitaire (m\/f)"},"content":{"rendered":"<p>[vc_section full_width=&#8220;stretch_row&#8220; el_id=&#8220;single-post-header-intro&#8220; css=&#8220;.vc_custom_1658153104365{background-image: url(\/wp-content\/uploads\/2022\/07\/Group-610-3.png?id=289) !important;}&#8220;][vc_row el_id=&#8220;post-header-title-row&#8220;][vc_column][vc_column_text]<\/p>\n<h1 class=\"upper\">Rejoignez-nous<\/h1>\n<p>Retrouvez toutes les offres d\u2019emploi de BSC et rejoignez-nous en d\u00e9posant votre candidature en ligne.<\/p>\n<div id=\"gtx-trans\" style=\"position: absolute; left: -2px; top: 120.156px;\">\n<div class=\"gtx-trans-icon\"><\/div>\n<\/div>\n<p>[\/vc_column_text][\/vc_column][\/vc_row][\/vc_section][vc_section][vc_row][vc_column][vc_column_text el_id=&#8220;post-title-element&#8220;]<\/p>\n<h1><strong>Technicien(ne)\/Ing\u00e9nieur d\u2019\u00e9tude sp\u00e9cialis\u00e9(e) en HVAC-Sanitaire (m\/f)<\/strong><\/h1>\n<p>[\/vc_column_text][\/vc_column][\/vc_row][vc_row el_id=&#8220;post-share-placeholder&#8220;][vc_column width=&#8220;1\/3&#8243;][\/vc_column][vc_column width=&#8220;1\/3&#8243;][\/vc_column][vc_column width=&#8220;1\/3&#8243;][\/vc_column][\/vc_row][\/vc_section][vc_section][vc_row][vc_column width=&#8220;1\/6&#8243;][\/vc_column][vc_column width=&#8220;2\/3&#8243;][vc_column_text]<\/p>\n<p><strong>Vos missions :<\/strong><\/p>\n<p><strong>\u00a0<\/strong><\/p>\n<ul>\n<li>Assister les chefs de projet pour la conception, la r\u00e9daction et la gestion des documents conceptuels<\/li>\n<li>Identifier les besoins de nos clients et \u00eatre force de proposition<\/li>\n<li>Concevoir et dimensionner les diff\u00e9rentes installations HVAC, incluant les syst\u00e8mes de chauffage, ventilation, climatisation et d\u00e9senfumage pour des projets vari\u00e9s (tertiaire, r\u00e9sidentiel, industriel).<\/li>\n<li>R\u00e9aliser des plans techniques (sch\u00e9mas de principe, plans d\u2019implantation, plans de circuits hydrauliques ou a\u00e9rauliques)<\/li>\n<li>Effectuer des calculs de dimensionnement \u00e0 l&#8217;aide de logiciels sp\u00e9cialis\u00e9s<\/li>\n<li>Pr\u00e9parer\/R\u00e9diger des pi\u00e8ces \u00e9crites d\u2019appel d\u2019offre<\/li>\n<li>Effectuer des visites et suivis de chantiers<\/li>\n<li>Participer activement \u00e0 la coordination interne de l\u2019\u00e9quipe<\/li>\n<\/ul>\n<p>&nbsp;<\/p>\n<p><strong>Votre profil :<\/strong><\/p>\n<p><strong>\u00a0<\/strong><\/p>\n<ul>\n<li>Vous poss\u00e9dez un dipl\u00f4me min Bac +2 en rapport avec le g\u00e9nie thermique, climatique ou sanitaire<\/li>\n<li>Vous avez une exp\u00e9rience professionnelle de 2 ans en bureau d&#8217;\u00e9tudes ou \u00e9quivalent<\/li>\n<li>Vous ma\u00eetrisez les outils de conceptualisation et de dimensionnement HVAC<\/li>\n<li>Vous \u00eates autonome, rigoureux et dot\u00e9 d\u2019un bon esprit d\u2019\u00e9quipe<\/li>\n<li>Vous parlez couramment le fran\u00e7ais et\/ou le luxembourgeois (l&#8217;anglais et l&#8217;allemand sont un plus).<\/li>\n<\/ul>\n<p>&nbsp;<\/p>\n<p><strong>Notre offre :<\/strong><\/p>\n<p><strong>\u00a0<\/strong><\/p>\n<ul>\n<li>Un contrat \u00e0 dur\u00e9e ind\u00e9termin\u00e9e avec des horaires flexibles<\/li>\n<li>Des opportunit\u00e9s de d\u00e9veloppement personnel (formation continue, s\u00e9minaires, bien-\u00eatre au travail\u2026)<\/li>\n<li>Un environnement de travail agr\u00e9able au sein d\u2019une entreprise labellis\u00e9e ESR (Entreprise Socialement Responsable)<\/li>\n<li>Une \u00e9quipe multidisciplinaire et multiculturelle, dynamique et tourn\u00e9e vers le d\u00e9veloppement<\/li>\n<li>Remboursement des frais de transport et place de parking<\/li>\n<li>Un salaire attractif selon votre exp\u00e9rience<\/li>\n<li>Le poste est bas\u00e9 \u00e0 notre si\u00e8ge \u00e0 Contern<\/li>\n<\/ul>\n<p>&nbsp;<\/p>\n<p><strong>Rejoignez BSC et apportez votre expertise \u00e0 des projets innovants !<\/strong><\/p>\n<div id=\"gtx-trans\" style=\"position: absolute; left: -11px; top: -12px;\">\n<div class=\"gtx-trans-icon\"><\/div>\n<\/div>\n<p>[\/vc_column_text]<div class=\"wpcf7 no-js\" id=\"wpcf7-f646-o1\" lang=\"en-US\" dir=\"ltr\">\n<div class=\"screen-reader-response\"><p role=\"status\" aria-live=\"polite\" aria-atomic=\"true\"><\/p> <ul><\/ul><\/div>\n<form action=\"\/de\/wp-json\/wp\/v2\/posts\/785#wpcf7-f646-o1\" method=\"post\" class=\"wpcf7-form init\" aria-label=\"Contact form\" enctype=\"multipart\/form-data\" novalidate=\"novalidate\" data-status=\"init\">\n<div style=\"display: none;\">\n<input type=\"hidden\" name=\"_wpcf7\" value=\"646\" \/>\n<input type=\"hidden\" name=\"_wpcf7_version\" value=\"5.7.2\" \/>\n<input type=\"hidden\" name=\"_wpcf7_locale\" value=\"en_US\" \/>\n<input type=\"hidden\" name=\"_wpcf7_unit_tag\" value=\"wpcf7-f646-o1\" \/>\n<input type=\"hidden\" name=\"_wpcf7_container_post\" value=\"0\" \/>\n<input type=\"hidden\" name=\"_wpcf7_posted_data_hash\" value=\"\" \/>\n<input type=\"hidden\" name=\"_wpcf7_recaptcha_response\" value=\"\" \/>\n<\/div>\n<p><label> Nom <span>*<\/span><br \/>\n<span class=\"wpcf7-form-control-wrap\" data-name=\"last-name\"><input size=\"40\" class=\"wpcf7-form-control wpcf7-text wpcf7-validates-as-required\" autocomplete=\"last-name\" aria-required=\"true\" aria-invalid=\"false\" value=\"\" type=\"text\" name=\"last-name\" \/><\/span> <\/label><br \/>\n<label> Pr\u00e9nom <span>*<\/span><br \/>\n<span class=\"wpcf7-form-control-wrap\" data-name=\"first-name\"><input size=\"40\" class=\"wpcf7-form-control wpcf7-text wpcf7-validates-as-required\" autocomplete=\"first-name\" aria-required=\"true\" aria-invalid=\"false\" value=\"\" type=\"text\" name=\"first-name\" \/><\/span> <\/label>\n<\/p>\n<p><label> Adresse mail <span>*<\/span><br \/>\n<span class=\"wpcf7-form-control-wrap\" data-name=\"email\"><input size=\"40\" class=\"wpcf7-form-control wpcf7-text wpcf7-email wpcf7-validates-as-required wpcf7-validates-as-email\" autocomplete=\"email\" aria-required=\"true\" aria-invalid=\"false\" value=\"\" type=\"email\" name=\"email\" \/><\/span> <\/label>\n<\/p>\n<p><label>T\u00e9l\u00e9phone <span>*<\/span><br \/>\n<span class=\"wpcf7-form-control-wrap\" data-name=\"phone\"><input size=\"40\" class=\"wpcf7-form-control wpcf7-text wpcf7-tel wpcf7-validates-as-required wpcf7-validates-as-tel\" autocomplete=\"phone\" aria-required=\"true\" aria-invalid=\"false\" value=\"\" type=\"tel\" name=\"phone\" \/><\/span><\/label>\n<\/p>\n<p><label> Adresse postal<br \/>\n<span class=\"wpcf7-form-control-wrap\" data-name=\"adresse\"><input size=\"40\" class=\"wpcf7-form-control wpcf7-text auto-address\" aria-invalid=\"false\" value=\"\" type=\"text\" name=\"adresse\" \/><\/span><\/label>\n<\/p>\n<p><label><br \/>\n<\/label>\n<\/p>\n<input class=\"wpcf7-form-control wpcf7-hidden\" id=\"form-subject\" value=\"\" type=\"hidden\" name=\"your-subject\" \/>\n<p><label> CV (pdf):<br \/>\n<span class=\"wpcf7-form-control-wrap\" data-name=\"cv\"><input size=\"40\" class=\"wpcf7-form-control wpcf7-file wpcf7-validates-as-required\" accept=\".pdf\" aria-required=\"true\" aria-invalid=\"false\" type=\"file\" name=\"cv\" \/><\/span><br \/>\n<\/label>\n<\/p>\n<p><label> (option) Lettre de motivation(pdf):<br \/>\n<span class=\"wpcf7-form-control-wrap\" data-name=\"motivation\"><input size=\"40\" class=\"wpcf7-form-control wpcf7-file\" accept=\".pdf\" aria-invalid=\"false\" type=\"file\" name=\"motivation\" \/><\/span><br \/>\n<\/label>\n<\/p>\n<p><input class=\"wpcf7-form-control has-spinner wpcf7-submit form-send\" type=\"submit\" value=\"Envoyer\" \/>\n<\/p>\n<p><script>\njQuery(function(){\n\n setTimeout(function()\n {\n initAutocomplete();\n jQuery('#form-subject').val(location.href.replace(location.origin, ''));\n }, 1000);\n\n \n});\n<\/script>\n<\/p><div class=\"wpcf7-response-output\" aria-hidden=\"true\"><\/div><\/form><\/div>[\/vc_column][vc_column width=&#8220;1\/6&#8243;][\/vc_column][\/vc_row][\/vc_section]<\/p>\n","protected":false},"excerpt":{"rendered":"<p>Retrouvez toutes les offres d\u2019emploi de BSC et rejoignez-nous en d\u00e9posant votre candidature en ligne.<\/p>\n","protected":false},"author":1,"featured_media":780,"comment_status":"closed","ping_status":"closed","sticky":false,"template":"","format":"standard","meta":{"footnotes":""},"categories":[39],"tags":[],"class_list":["post-785","post","type-post","status-publish","format-standard","has-post-thumbnail","hentry","category-jobs-de"],"yoast_head":"<!-- This site is optimized with the Yoast SEO plugin v19.14 - https:\/\/yoast.com\/wordpress\/plugins\/seo\/ -->\n<title>Technicien(ne)\/Ing\u00e9nieur d\u2019\u00e9tude sp\u00e9cialis\u00e9(e) en HVAC-Sanitaire (m\/f) - BSC - Building Solutions &amp; Consulting<\/title>\n<meta name=\"description\" content=\"Interview avec les femmes du bureau d&#039;\u00e9tudes BSC.\" \/>\n<meta name=\"robots\" content=\"index, follow, max-snippet:-1, max-image-preview:large, max-video-preview:-1\" \/>\n<link rel=\"canonical\" href=\"https:\/\/bsc.lu\/de\/technicienne-ingenieur-detude-specialisee-en-hvac-sanitaire-m-f-2\/\" \/>\n<meta property=\"og:locale\" content=\"de_DE\" \/>\n<meta property=\"og:type\" content=\"article\" \/>\n<meta property=\"og:title\" content=\"Technicien(ne)\/Ing\u00e9nieur d\u2019\u00e9tude sp\u00e9cialis\u00e9(e) en HVAC-Sanitaire (m\/f) - BSC - Building Solutions &amp; Consulting\" \/>\n<meta property=\"og:description\" content=\"Interview avec les femmes du bureau d&#039;\u00e9tudes BSC.\" \/>\n<meta property=\"og:url\" content=\"https:\/\/bsc.lu\/de\/technicienne-ingenieur-detude-specialisee-en-hvac-sanitaire-m-f-2\/\" \/>\n<meta property=\"og:site_name\" content=\"BSC - Building Solutions &amp; Consulting\" \/>\n<meta property=\"article:published_time\" content=\"2025-10-27T18:46:45+00:00\" \/>\n<meta property=\"article:modified_time\" content=\"2025-10-27T18:48:01+00:00\" \/>\n<meta property=\"og:image\" content=\"https:\/\/bsc.lu\/wp-content\/uploads\/2025\/10\/1-1-scaled.jpg\" \/>\n\t<meta property=\"og:image:width\" content=\"2158\" \/>\n\t<meta property=\"og:image:height\" content=\"2560\" \/>\n\t<meta property=\"og:image:type\" content=\"image\/jpeg\" \/>\n<meta name=\"author\" content=\"BSC\" \/>\n<meta name=\"twitter:card\" content=\"summary_large_image\" \/>\n<meta name=\"twitter:label1\" content=\"Verfasst von\" \/>\n\t<meta name=\"twitter:data1\" content=\"BSC\" \/>\n\t<meta name=\"twitter:label2\" content=\"Gesch\u00e4tzte Lesezeit\" \/>\n\t<meta name=\"twitter:data2\" content=\"2\u00a0Minuten\" \/>\n<script type=\"application\/ld+json\" class=\"yoast-schema-graph\">{\"@context\":\"https:\/\/schema.org\",\"@graph\":[{\"@type\":\"WebPage\",\"@id\":\"https:\/\/bsc.lu\/de\/technicienne-ingenieur-detude-specialisee-en-hvac-sanitaire-m-f-2\/\",\"url\":\"https:\/\/bsc.lu\/de\/technicienne-ingenieur-detude-specialisee-en-hvac-sanitaire-m-f-2\/\",\"name\":\"Technicien(ne)\/Ing\u00e9nieur d\u2019\u00e9tude sp\u00e9cialis\u00e9(e) en HVAC-Sanitaire (m\/f) - BSC - Building Solutions &amp; Consulting\",\"isPartOf\":{\"@id\":\"https:\/\/bsc.lu\/#website\"},\"datePublished\":\"2025-10-27T18:46:45+00:00\",\"dateModified\":\"2025-10-27T18:48:01+00:00\",\"author\":{\"@id\":\"https:\/\/bsc.lu\/#\/schema\/person\/c21d99bd1202679542d9373be27b6de2\"},\"description\":\"Interview avec les femmes du bureau d'\u00e9tudes BSC.\",\"breadcrumb\":{\"@id\":\"https:\/\/bsc.lu\/de\/technicienne-ingenieur-detude-specialisee-en-hvac-sanitaire-m-f-2\/#breadcrumb\"},\"inLanguage\":\"de\",\"potentialAction\":[{\"@type\":\"ReadAction\",\"target\":[\"https:\/\/bsc.lu\/de\/technicienne-ingenieur-detude-specialisee-en-hvac-sanitaire-m-f-2\/\"]}]},{\"@type\":\"BreadcrumbList\",\"@id\":\"https:\/\/bsc.lu\/de\/technicienne-ingenieur-detude-specialisee-en-hvac-sanitaire-m-f-2\/#breadcrumb\",\"itemListElement\":[{\"@type\":\"ListItem\",\"position\":1,\"name\":\"Home\",\"item\":\"https:\/\/bsc.lu\/de\/\"},{\"@type\":\"ListItem\",\"position\":2,\"name\":\"Technicien(ne)\/Ing\u00e9nieur d\u2019\u00e9tude sp\u00e9cialis\u00e9(e) en HVAC-Sanitaire (m\/f)\"}]},{\"@type\":\"WebSite\",\"@id\":\"https:\/\/bsc.lu\/#website\",\"url\":\"https:\/\/bsc.lu\/\",\"name\":\"BSC - Building Solutions &amp; Consulting\",\"description\":\"Un site utilisant WordPress\",\"inLanguage\":\"de\"},{\"@type\":\"Person\",\"@id\":\"https:\/\/bsc.lu\/#\/schema\/person\/c21d99bd1202679542d9373be27b6de2\",\"name\":\"BSC\",\"sameAs\":[\"http:\/\/bsc.lu\"]}]}<\/script>\n<!-- \/ Yoast SEO plugin. -->","yoast_head_json":{"title":"Technicien(ne)\/Ing\u00e9nieur d\u2019\u00e9tude sp\u00e9cialis\u00e9(e) en HVAC-Sanitaire (m\/f) - BSC - Building Solutions &amp; Consulting","description":"Interview avec les femmes du bureau d'\u00e9tudes BSC.","robots":{"index":"index","follow":"follow","max-snippet":"max-snippet:-1","max-image-preview":"max-image-preview:large","max-video-preview":"max-video-preview:-1"},"canonical":"https:\/\/bsc.lu\/de\/technicienne-ingenieur-detude-specialisee-en-hvac-sanitaire-m-f-2\/","og_locale":"de_DE","og_type":"article","og_title":"Technicien(ne)\/Ing\u00e9nieur d\u2019\u00e9tude sp\u00e9cialis\u00e9(e) en HVAC-Sanitaire (m\/f) - BSC - Building Solutions &amp; Consulting","og_description":"Interview avec les femmes du bureau d'\u00e9tudes BSC.","og_url":"https:\/\/bsc.lu\/de\/technicienne-ingenieur-detude-specialisee-en-hvac-sanitaire-m-f-2\/","og_site_name":"BSC - Building Solutions &amp; Consulting","article_published_time":"2025-10-27T18:46:45+00:00","article_modified_time":"2025-10-27T18:48:01+00:00","og_image":[{"width":2158,"height":2560,"url":"https:\/\/bsc.lu\/wp-content\/uploads\/2025\/10\/1-1-scaled.jpg","type":"image\/jpeg"}],"author":"BSC","twitter_card":"summary_large_image","twitter_misc":{"Verfasst von":"BSC","Gesch\u00e4tzte Lesezeit":"2\u00a0Minuten"},"schema":{"@context":"https:\/\/schema.org","@graph":[{"@type":"WebPage","@id":"https:\/\/bsc.lu\/de\/technicienne-ingenieur-detude-specialisee-en-hvac-sanitaire-m-f-2\/","url":"https:\/\/bsc.lu\/de\/technicienne-ingenieur-detude-specialisee-en-hvac-sanitaire-m-f-2\/","name":"Technicien(ne)\/Ing\u00e9nieur d\u2019\u00e9tude sp\u00e9cialis\u00e9(e) en HVAC-Sanitaire (m\/f) - BSC - Building Solutions &amp; Consulting","isPartOf":{"@id":"https:\/\/bsc.lu\/#website"},"datePublished":"2025-10-27T18:46:45+00:00","dateModified":"2025-10-27T18:48:01+00:00","author":{"@id":"https:\/\/bsc.lu\/#\/schema\/person\/c21d99bd1202679542d9373be27b6de2"},"description":"Interview avec les femmes du bureau d'\u00e9tudes BSC.","breadcrumb":{"@id":"https:\/\/bsc.lu\/de\/technicienne-ingenieur-detude-specialisee-en-hvac-sanitaire-m-f-2\/#breadcrumb"},"inLanguage":"de","potentialAction":[{"@type":"ReadAction","target":["https:\/\/bsc.lu\/de\/technicienne-ingenieur-detude-specialisee-en-hvac-sanitaire-m-f-2\/"]}]},{"@type":"BreadcrumbList","@id":"https:\/\/bsc.lu\/de\/technicienne-ingenieur-detude-specialisee-en-hvac-sanitaire-m-f-2\/#breadcrumb","itemListElement":[{"@type":"ListItem","position":1,"name":"Home","item":"https:\/\/bsc.lu\/de\/"},{"@type":"ListItem","position":2,"name":"Technicien(ne)\/Ing\u00e9nieur d\u2019\u00e9tude sp\u00e9cialis\u00e9(e) en HVAC-Sanitaire (m\/f)"}]},{"@type":"WebSite","@id":"https:\/\/bsc.lu\/#website","url":"https:\/\/bsc.lu\/","name":"BSC - Building Solutions &amp; Consulting","description":"Un site utilisant WordPress","inLanguage":"de"},{"@type":"Person","@id":"https:\/\/bsc.lu\/#\/schema\/person\/c21d99bd1202679542d9373be27b6de2","name":"BSC","sameAs":["http:\/\/bsc.lu"]}]}},"_links":{"self":[{"href":"https:\/\/bsc.lu\/de\/wp-json\/wp\/v2\/posts\/785","targetHints":{"allow":["GET"]}}],"collection":[{"href":"https:\/\/bsc.lu\/de\/wp-json\/wp\/v2\/posts"}],"about":[{"href":"https:\/\/bsc.lu\/de\/wp-json\/wp\/v2\/types\/post"}],"author":[{"embeddable":true,"href":"https:\/\/bsc.lu\/de\/wp-json\/wp\/v2\/users\/1"}],"replies":[{"embeddable":true,"href":"https:\/\/bsc.lu\/de\/wp-json\/wp\/v2\/comments?post=785"}],"version-history":[{"count":1,"href":"https:\/\/bsc.lu\/de\/wp-json\/wp\/v2\/posts\/785\/revisions"}],"predecessor-version":[{"id":791,"href":"https:\/\/bsc.lu\/de\/wp-json\/wp\/v2\/posts\/785\/revisions\/791"}],"wp:featuredmedia":[{"embeddable":true,"href":"https:\/\/bsc.lu\/de\/wp-json\/wp\/v2\/media\/780"}],"wp:attachment":[{"href":"https:\/\/bsc.lu\/de\/wp-json\/wp\/v2\/media?parent=785"}],"wp:term":[{"taxonomy":"category","embeddable":true,"href":"https:\/\/bsc.lu\/de\/wp-json\/wp\/v2\/categories?post=785"},{"taxonomy":"post_tag","embeddable":true,"href":"https:\/\/bsc.lu\/de\/wp-json\/wp\/v2\/tags?post=785"}],"curies":[{"name":"wp","href":"https:\/\/api.w.org\/{rel}","templated":true}]}}