{"id":253,"date":"2018-08-07T14:50:00","date_gmt":"2018-08-07T12:50:00","guid":{"rendered":"http:\/\/bsc.lu\/atelier-darchitecture-a-gasperich\/"},"modified":"2022-07-18T15:47:01","modified_gmt":"2022-07-18T13:47:01","slug":"atelier-darchitecture-a-gasperich","status":"publish","type":"post","link":"https:\/\/bsc.lu\/de\/atelier-darchitecture-a-gasperich\/","title":{"rendered":"Atelier d\u2019architecture \u00e0 Gasperich"},"content":{"rendered":"<p>[vc_section full_width=&#8220;stretch_row_content&#8220; el_id=&#8220;single-ref-header-intro&#8220; css=&#8220;.vc_custom_1658149354279{background-image: url(\/wp-content\/uploads\/2022\/07\/Group-803.png?id=206) !important;}&#8220;][vc_row full_width=&#8220;stretch_row_content_no_spaces&#8220;][vc_column][vc_single_image image=&#8220;206&#8243; img_size=&#8220;full&#8220; alignment=&#8220;center&#8220; css=&#8220;.vc_custom_1658149341747{margin-bottom: 0px !important;}&#8220;][vc_column_text el_class=&#8220;colored custom-breadcrumbs&#8220;]<a href=\"\/de\/referenzen\/\">Nos r\u00e9f\u00e9rences<\/a> &gt; Atelier d\u2019architecture \u00e0 Gasperich[\/vc_column_text][\/vc_column][\/vc_row][\/vc_section][vc_section el_id=&#8220;ref-content&#8220;][vc_row el_class=&#8220;bot-border-black&#8220;][vc_column width=&#8220;1\/3&#8243;][vc_column_text el_id=&#8220;ref-side-info&#8220; el_class=&#8220;colored&#8220;]<strong>Ma\u00eetre d&#8217;ouvrage <\/strong>: Beiler + Fran\u00e7ois Architectes<\/p>\n<p><strong>Localisation <\/strong>: Gasperich<\/p>\n<p><strong>\u00c9tude <\/strong>: 2016-2017<\/p>\n<p><strong>Construction <\/strong>: 2017-2018[\/vc_column_text][vc_btn title=&#8220;T\u00e9l\u00e9charger la fiche de r\u00e9f\u00e9rence&#8220; link=&#8220;url:%2Fwp-content%2Fuploads%2F2022%2F07%2FBSC_TS_REF_PII_2018_Atelier-Architecture-BF_Gasperich_FR_web.pdf|target:_blank&#8220; el_class=&#8220;cta-btn&#8220;][\/vc_column][vc_column width=&#8220;2\/3&#8243;][vc_column_text el_class=&#8220;bot-border-black&#8220;]<\/p>\n<h1 class=\"upper\">Atelier d\u2019architecture \u00e0 Gasperich<\/h1>\n<p>Construction d\u2019un atelier d\u2019architecture de 1.000m\u00b2 avec deux sous-sols de parking.[\/vc_column_text][vc_row_inner][vc_column_inner width=&#8220;1\/2&#8243;][vc_column_text css=&#8220;.vc_custom_1656663177389{margin-bottom: 0px !important;}&#8220;]<\/p>\n<p class=\"big colored\">Caract\u00e9ristique(s) principale(s)<\/p>\n<ul class=\"black\">\n<li>Refroidissement adiabatique<\/li>\n<li>Utilisation d\u2019un proc\u00e9d\u00e9 de temp\u00e9risation de la dalle<\/li>\n<li>Ventilation m\u00e9canique double flux \u00e0 haut rendement de r\u00e9cup\u00e9ration<\/li>\n<li>G\u00e9n\u00e9ralisation de l\u2019\u00e9clairage LED<\/li>\n<\/ul>\n<p>[\/vc_column_text][\/vc_column_inner][vc_column_inner width=&#8220;1\/2&#8243;][vc_column_text css=&#8220;.vc_custom_1656663215119{margin-bottom: 0px !important;}&#8220;]<\/p>\n<p class=\"big colored\">Nos missions<\/p>\n<ul class=\"black\">\n<li>Dimensionnement des \u00e9quipements techniques<\/li>\n<li>Elaboration des cahiers des charges pour appel d\u2019offre<\/li>\n<li>Aide au choix des entreprises<\/li>\n<\/ul>\n<p>[\/vc_column_text][\/vc_column_inner][\/vc_row_inner][\/vc_column][\/vc_row][vc_row el_id=&#8220;ref-gallery&#8220; el_class=&#8220;top-mar-2&#8243;][vc_column][vc_column_text]<\/p>\n<h2 class=\"al-center upper bot-mar-2 top-mar-1\"><strong>Galerie photos<\/strong><\/h2>\n<p>[\/vc_column_text][vc_gallery type=&#8220;image_grid&#8220; images=&#8220;202,200,198&#8243; img_size=&#8220;full&#8220;][\/vc_column][\/vc_row][vc_row full_width=&#8220;stretch_row_content_no_spaces&#8220; el_class=&#8220;skew-bot-row skew-bot-row-black&#8220;][vc_column][\/vc_column][\/vc_row][\/vc_section][vc_section full_width=&#8220;stretch_row&#8220; el_id=&#8220;activity-reference-footer-sec&#8220; css=&#8220;.vc_custom_1658148122890{background-color: #000000 !important;}&#8220;][vc_row][vc_column][vc_column_text]<h2 class=\"white upper bot-mar-2 al-center top-mar-1\">Verbundene(r) T\u00e4tigkeitsbereich(e)<\/h1><div id=\"ref-act-footer\" class=\"ref-act-footer-c-1 \"><div class=\"ref-act-footer-item ref-act-footer-type-post\"><a href=\"https:\/\/bsc.lu\/de\/taetigkeitsfelder\/technische-gebaeudeausruestung\/\"><img decoding=\"async\" src=\"https:\/\/bsc.lu\/wp-content\/uploads\/2022\/07\/20160121_100956-1200x900-c-default-1024x768.jpg\"><div class=\"ref-act-footer-inner\"><span class=\"ref-act-footer-title\">Technische Geb\u00e4udeausr\u00fcstung<\/span><span class=\"ref-act-footer-ex\">[vc_section full_width=&#8220;stretch_row&#8220; el_id=&#8220;activity-intro&#8220; css=&#8220;.vc_custom_1658143253919{background-image: url(\/wp-content\/uploads\/2022\/07\/Group-799.png?id=138) !important;}&#8220;][vc_row el_id=&#8220;activity-intro-heading-row&#8220;][vc_column][vc_column_text] Technische Geb\u00e4udeausr\u00fcstung [\/vc_column_text][\/vc_column][\/vc_row][vc_row full_width=&#8220;stretch_row_content_no_spaces&#8220;][vc_column][vc_single_image image=&#8220;138&#8243; img_size=&#8220;full&#8220; alignment=&#8220;center&#8220; el_class=&#8220;no-space-img&#8220;][vc_column_text el_class=&#8220;hidden&#8220;]BSC wartet mit innovativen L\u00f6sungen in den Bereichen Elektrizit\u00e4t, Sanit\u00e4r, L\u00fcftungstechnik,<span class=\"excerpt-hellip\"> [\u2026]<\/span><\/span><\/div><\/a><\/div><\/div>[\/vc_column_text][\/vc_column][\/vc_row][\/vc_section]<\/p>\n","protected":false},"excerpt":{"rendered":"<p>Construction d\u2019un atelier d\u2019architecture de 1.000m\u00b2 avec deux sous-sols de parking.<\/p>\n","protected":false},"author":1,"featured_media":199,"comment_status":"closed","ping_status":"closed","sticky":false,"template":"","format":"standard","meta":{"footnotes":""},"categories":[34,32,28,23],"tags":[],"class_list":["post-253","post","type-post","status-publish","format-standard","has-post-thumbnail","hentry","category-eine-fachkraft","category-eine-oeffentliche-einrichtung","category-referenzen","category-technische-gebaudeausrustung"],"yoast_head":"<!-- This site is optimized with the Yoast SEO plugin v19.14 - https:\/\/yoast.com\/wordpress\/plugins\/seo\/ -->\n<title>Atelier d\u2019architecture \u00e0 Gasperich - BSC - Building Solutions &amp; Consulting<\/title>\n<meta name=\"robots\" content=\"index, follow, max-snippet:-1, max-image-preview:large, max-video-preview:-1\" \/>\n<link rel=\"canonical\" href=\"https:\/\/bsc.lu\/de\/atelier-darchitecture-a-gasperich\/\" \/>\n<meta property=\"og:locale\" content=\"de_DE\" \/>\n<meta property=\"og:type\" content=\"article\" \/>\n<meta property=\"og:title\" content=\"Atelier d\u2019architecture \u00e0 Gasperich - BSC - Building Solutions &amp; Consulting\" \/>\n<meta property=\"og:description\" content=\"Construction d\u2019un atelier d\u2019architecture de 1.000m\u00b2 avec deux sous-sols de parking.\" \/>\n<meta property=\"og:url\" content=\"https:\/\/bsc.lu\/de\/atelier-darchitecture-a-gasperich\/\" \/>\n<meta property=\"og:site_name\" content=\"BSC - Building Solutions &amp; Consulting\" \/>\n<meta property=\"article:published_time\" content=\"2018-08-07T12:50:00+00:00\" \/>\n<meta property=\"article:modified_time\" content=\"2022-07-18T13:47:01+00:00\" \/>\n<meta property=\"og:image\" content=\"https:\/\/bsc.lu\/wp-content\/uploads\/2022\/07\/2018_atelier-architecture-bf_gasperich_03.jpg\" \/>\n\t<meta property=\"og:image:width\" content=\"1200\" \/>\n\t<meta property=\"og:image:height\" content=\"900\" \/>\n\t<meta property=\"og:image:type\" content=\"image\/jpeg\" \/>\n<meta name=\"author\" content=\"BSC\" \/>\n<meta name=\"twitter:card\" content=\"summary_large_image\" \/>\n<meta name=\"twitter:label1\" content=\"Verfasst von\" \/>\n\t<meta name=\"twitter:data1\" content=\"BSC\" \/>\n\t<meta name=\"twitter:label2\" content=\"Gesch\u00e4tzte Lesezeit\" \/>\n\t<meta name=\"twitter:data2\" content=\"1\u00a0Minute\" \/>\n<script type=\"application\/ld+json\" class=\"yoast-schema-graph\">{\"@context\":\"https:\/\/schema.org\",\"@graph\":[{\"@type\":\"WebPage\",\"@id\":\"https:\/\/bsc.lu\/de\/atelier-darchitecture-a-gasperich\/\",\"url\":\"https:\/\/bsc.lu\/de\/atelier-darchitecture-a-gasperich\/\",\"name\":\"Atelier d\u2019architecture \u00e0 Gasperich - BSC - Building Solutions &amp; Consulting\",\"isPartOf\":{\"@id\":\"https:\/\/bsc.lu\/#website\"},\"datePublished\":\"2018-08-07T12:50:00+00:00\",\"dateModified\":\"2022-07-18T13:47:01+00:00\",\"author\":{\"@id\":\"https:\/\/bsc.lu\/#\/schema\/person\/c21d99bd1202679542d9373be27b6de2\"},\"breadcrumb\":{\"@id\":\"https:\/\/bsc.lu\/de\/atelier-darchitecture-a-gasperich\/#breadcrumb\"},\"inLanguage\":\"de\",\"potentialAction\":[{\"@type\":\"ReadAction\",\"target\":[\"https:\/\/bsc.lu\/de\/atelier-darchitecture-a-gasperich\/\"]}]},{\"@type\":\"BreadcrumbList\",\"@id\":\"https:\/\/bsc.lu\/de\/atelier-darchitecture-a-gasperich\/#breadcrumb\",\"itemListElement\":[{\"@type\":\"ListItem\",\"position\":1,\"name\":\"Home\",\"item\":\"https:\/\/bsc.lu\/de\/\"},{\"@type\":\"ListItem\",\"position\":2,\"name\":\"Atelier d\u2019architecture \u00e0 Gasperich\"}]},{\"@type\":\"WebSite\",\"@id\":\"https:\/\/bsc.lu\/#website\",\"url\":\"https:\/\/bsc.lu\/\",\"name\":\"BSC - Building Solutions &amp; Consulting\",\"description\":\"Un site utilisant WordPress\",\"inLanguage\":\"de\"},{\"@type\":\"Person\",\"@id\":\"https:\/\/bsc.lu\/#\/schema\/person\/c21d99bd1202679542d9373be27b6de2\",\"name\":\"BSC\",\"sameAs\":[\"http:\/\/bsc.lu\"]}]}<\/script>\n<!-- \/ Yoast SEO plugin. -->","yoast_head_json":{"title":"Atelier d\u2019architecture \u00e0 Gasperich - BSC - Building Solutions &amp; Consulting","robots":{"index":"index","follow":"follow","max-snippet":"max-snippet:-1","max-image-preview":"max-image-preview:large","max-video-preview":"max-video-preview:-1"},"canonical":"https:\/\/bsc.lu\/de\/atelier-darchitecture-a-gasperich\/","og_locale":"de_DE","og_type":"article","og_title":"Atelier d\u2019architecture \u00e0 Gasperich - BSC - Building Solutions &amp; Consulting","og_description":"Construction d\u2019un atelier d\u2019architecture de 1.000m\u00b2 avec deux sous-sols de parking.","og_url":"https:\/\/bsc.lu\/de\/atelier-darchitecture-a-gasperich\/","og_site_name":"BSC - Building Solutions &amp; Consulting","article_published_time":"2018-08-07T12:50:00+00:00","article_modified_time":"2022-07-18T13:47:01+00:00","og_image":[{"width":1200,"height":900,"url":"https:\/\/bsc.lu\/wp-content\/uploads\/2022\/07\/2018_atelier-architecture-bf_gasperich_03.jpg","type":"image\/jpeg"}],"author":"BSC","twitter_card":"summary_large_image","twitter_misc":{"Verfasst von":"BSC","Gesch\u00e4tzte Lesezeit":"1\u00a0Minute"},"schema":{"@context":"https:\/\/schema.org","@graph":[{"@type":"WebPage","@id":"https:\/\/bsc.lu\/de\/atelier-darchitecture-a-gasperich\/","url":"https:\/\/bsc.lu\/de\/atelier-darchitecture-a-gasperich\/","name":"Atelier d\u2019architecture \u00e0 Gasperich - BSC - Building Solutions &amp; Consulting","isPartOf":{"@id":"https:\/\/bsc.lu\/#website"},"datePublished":"2018-08-07T12:50:00+00:00","dateModified":"2022-07-18T13:47:01+00:00","author":{"@id":"https:\/\/bsc.lu\/#\/schema\/person\/c21d99bd1202679542d9373be27b6de2"},"breadcrumb":{"@id":"https:\/\/bsc.lu\/de\/atelier-darchitecture-a-gasperich\/#breadcrumb"},"inLanguage":"de","potentialAction":[{"@type":"ReadAction","target":["https:\/\/bsc.lu\/de\/atelier-darchitecture-a-gasperich\/"]}]},{"@type":"BreadcrumbList","@id":"https:\/\/bsc.lu\/de\/atelier-darchitecture-a-gasperich\/#breadcrumb","itemListElement":[{"@type":"ListItem","position":1,"name":"Home","item":"https:\/\/bsc.lu\/de\/"},{"@type":"ListItem","position":2,"name":"Atelier d\u2019architecture \u00e0 Gasperich"}]},{"@type":"WebSite","@id":"https:\/\/bsc.lu\/#website","url":"https:\/\/bsc.lu\/","name":"BSC - Building Solutions &amp; Consulting","description":"Un site utilisant WordPress","inLanguage":"de"},{"@type":"Person","@id":"https:\/\/bsc.lu\/#\/schema\/person\/c21d99bd1202679542d9373be27b6de2","name":"BSC","sameAs":["http:\/\/bsc.lu"]}]}},"_links":{"self":[{"href":"https:\/\/bsc.lu\/de\/wp-json\/wp\/v2\/posts\/253","targetHints":{"allow":["GET"]}}],"collection":[{"href":"https:\/\/bsc.lu\/de\/wp-json\/wp\/v2\/posts"}],"about":[{"href":"https:\/\/bsc.lu\/de\/wp-json\/wp\/v2\/types\/post"}],"author":[{"embeddable":true,"href":"https:\/\/bsc.lu\/de\/wp-json\/wp\/v2\/users\/1"}],"replies":[{"embeddable":true,"href":"https:\/\/bsc.lu\/de\/wp-json\/wp\/v2\/comments?post=253"}],"version-history":[{"count":1,"href":"https:\/\/bsc.lu\/de\/wp-json\/wp\/v2\/posts\/253\/revisions"}],"predecessor-version":[{"id":254,"href":"https:\/\/bsc.lu\/de\/wp-json\/wp\/v2\/posts\/253\/revisions\/254"}],"wp:featuredmedia":[{"embeddable":true,"href":"https:\/\/bsc.lu\/de\/wp-json\/wp\/v2\/media\/199"}],"wp:attachment":[{"href":"https:\/\/bsc.lu\/de\/wp-json\/wp\/v2\/media?parent=253"}],"wp:term":[{"taxonomy":"category","embeddable":true,"href":"https:\/\/bsc.lu\/de\/wp-json\/wp\/v2\/categories?post=253"},{"taxonomy":"post_tag","embeddable":true,"href":"https:\/\/bsc.lu\/de\/wp-json\/wp\/v2\/tags?post=253"}],"curies":[{"name":"wp","href":"https:\/\/api.w.org\/{rel}","templated":true}]}}